{"id":1074,"date":"2012-12-19T18:44:20","date_gmt":"2012-12-19T18:44:20","guid":{"rendered":"https:\/\/reisen.mibox.ch\/?p=1074"},"modified":"2023-11-12T18:18:38","modified_gmt":"2023-11-12T18:18:38","slug":"skitouren-im-prattigau","status":"publish","type":"post","link":"https:\/\/reisen.mibox.ch\/?p=1074","title":{"rendered":"Skitouren im Pr\u00e4ttigau"},"content":{"rendered":"<p>Die Skitourensaison ist eingel\u00e4utet. Bei sch\u00f6nstem Wetter und idealen Schneeverh\u00e4ltnissen, abgesehen von der erheblichen Lawienengefahr habe ich den Rost von den Kannten gefahren.<br \/>\nDie ersten H\u00f6henmeter bis in die Fiederiser Heuberge \u00fcbewinden wir mit dem Skibus. Es erwartet uns um das Berghaus Aflina unber\u00fchrte Tiefschneeh\u00e4nge mit ungef\u00e4hrlichen Hangneigungen. Nach einem kleinen Informationsaustausch mit einheimischen Tourenfahrern starten wir zur ersten Tour auf das Mattjisch Horn.<br \/>\n\u00dcber einen kleinen Umweg gelangen wir auf den Gipfel wo wir mit einer traumhaften Aussicht belohnt werden.<\/p>\n<p><!--more--><\/p>\n<p>Zur\u00fcck im Berghaus Aflina starten wir zur zweiten Tour auf den Glattwang. Wir geniessen die letzten Sonnenstrahlen des Tages auf dem Gipfel bevor wir bei besten Schneeverh\u00e4ltissen die Abfahr nach Fiederis unter die Bretter nehmen. Es ist bereits dunkel als wir zur\u00fcck beim Auto sind.<\/p>\n<p>&nbsp;<\/p>\n<p><a href=\"https:\/\/reisen.mibox.ch\/wp-content\/uploads\/2012\/12\/20121219-194404.jpg\"><img decoding=\"async\" class=\"alignnone size-full\" src=\"https:\/\/reisen.mibox.ch\/wp-content\/uploads\/2012\/12\/20121219-194404.jpg\" alt=\"20121219-194404.jpg\"><\/a><\/p>\nngg_shortcode_0_placeholder\n","protected":false},"excerpt":{"rendered":"<p>Die Skitourensaison ist eingel\u00e4utet. Bei sch\u00f6nstem Wetter und idealen Schneeverh\u00e4ltnissen, abgesehen von der erheblichen Lawienengefahr habe ich den Rost von den Kannten gefahren. Die ersten H\u00f6henmeter bis in die Fiederiser Heuberge \u00fcbewinden wir mit dem Skibus. Es erwartet uns um das Berghaus Aflina unber\u00fchrte Tiefschneeh\u00e4nge mit ungef\u00e4hrlichen Hangneigungen. Nach einem kleinen Informationsaustausch mit einheimischen Tourenfahrern &hellip; <\/p>\n<p class=\"link-more\"><a href=\"https:\/\/reisen.mibox.ch\/?p=1074\" class=\"more-link\"><span class=\"screen-reader-text\">\u201eSkitouren im Pr\u00e4ttigau\u201c <\/span>weiterlesen<\/a><\/p>\n","protected":false},"author":2,"featured_media":0,"comment_status":"closed","ping_status":"closed","sticky":false,"template":"","format":"gallery","meta":{"ngg_post_thumbnail":0,"_jetpack_memberships_contains_paid_content":false,"footnotes":""},"categories":[108],"tags":[],"class_list":["post-1074","post","type-post","status-publish","format-gallery","hentry","category-skitouren","post_format-post-format-gallery"],"jetpack_featured_media_url":"","jetpack_sharing_enabled":true,"_links":{"self":[{"href":"https:\/\/reisen.mibox.ch\/index.php?rest_route=\/wp\/v2\/posts\/1074","targetHints":{"allow":["GET"]}}],"collection":[{"href":"https:\/\/reisen.mibox.ch\/index.php?rest_route=\/wp\/v2\/posts"}],"about":[{"href":"https:\/\/reisen.mibox.ch\/index.php?rest_route=\/wp\/v2\/types\/post"}],"author":[{"embeddable":true,"href":"https:\/\/reisen.mibox.ch\/index.php?rest_route=\/wp\/v2\/users\/2"}],"replies":[{"embeddable":true,"href":"https:\/\/reisen.mibox.ch\/index.php?rest_route=%2Fwp%2Fv2%2Fcomments&post=1074"}],"version-history":[{"count":9,"href":"https:\/\/reisen.mibox.ch\/index.php?rest_route=\/wp\/v2\/posts\/1074\/revisions"}],"predecessor-version":[{"id":7440,"href":"https:\/\/reisen.mibox.ch\/index.php?rest_route=\/wp\/v2\/posts\/1074\/revisions\/7440"}],"wp:attachment":[{"href":"https:\/\/reisen.mibox.ch\/index.php?rest_route=%2Fwp%2Fv2%2Fmedia&parent=1074"}],"wp:term":[{"taxonomy":"category","embeddable":true,"href":"https:\/\/reisen.mibox.ch\/index.php?rest_route=%2Fwp%2Fv2%2Fcategories&post=1074"},{"taxonomy":"post_tag","embeddable":true,"href":"https:\/\/reisen.mibox.ch\/index.php?rest_route=%2Fwp%2Fv2%2Ftags&post=1074"}],"curies":[{"name":"wp","href":"https:\/\/api.w.org\/{rel}","templated":true}]}}