{"id":1098,"date":"2014-09-20T19:00:53","date_gmt":"2014-09-20T19:00:53","guid":{"rendered":"https:\/\/reisen.mibox.ch\/?p=1098"},"modified":"2018-08-23T20:38:50","modified_gmt":"2018-08-23T20:38:50","slug":"vorbereitungen-fur-die-velotour-nach-katalonien","status":"publish","type":"post","link":"https:\/\/reisen.mibox.ch\/?p=1098","title":{"rendered":"Vorbereitungen f\u00fcr die Radreise nach Spanien"},"content":{"rendered":"<p>Am 07.10.2014 erf\u00fclle ich mir einen lang ersehnten Traum und starte meine Veloreise nach Palau-Saverdera zu meinem Bruder Tom. Ich werde etwas mehr als 1000 Km zur\u00fccklegen m\u00fcssen. Eingeplant sind ca. 10 Tage so dass ich vor dem Wochenende vom 17.10.2014 eintreffen werde.<br \/>\nDie Vorbereitungen f\u00fcr die Fahradtour in den Norden von Spanien ist in vollem Gange.<\/p>\n<p><!--more--><\/p>\n<p><a href=\"https:\/\/reisen.mibox.ch\/?attachment_id=1123\" rel=\"attachment wp-att-1123\"><img loading=\"lazy\" decoding=\"async\" src=\"https:\/\/reisen.mibox.ch\/wp-content\/uploads\/2014\/09\/IMG_1767.jpg\" class=\"alignleft size-full wp-image-1123\" height=\"768\" title=\"Roba\" alt=\"\" width=\"1024\" srcset=\"https:\/\/reisen.mibox.ch\/wp-content\/uploads\/2014\/09\/IMG_1767.jpg 1024w, https:\/\/reisen.mibox.ch\/wp-content\/uploads\/2014\/09\/IMG_1767-300x225.jpg 300w\" sizes=\"auto, (max-width: 767px) 89vw, (max-width: 1000px) 54vw, (max-width: 1071px) 543px, 580px\" \/><\/a><\/p>\n<p>Mein neues Fahrrad Tds Fernweh wurde auf den Namen Roba (Esel) getauft und nach meinen W\u00fcnschen umgebaut. Es verf\u00fcgt \u00fcber eine Rohloff 14 Gang Nabenschaltung und einem Nabendynamo von SON.<br \/>\nDer Nabendynamo versorgt neben dem Licht, auch das E-Werk von Busch &amp; M\u00fcller mit Strom. Die Ladeelektronik und das Smartphone sind gut gesch\u00fctzt in der Oberrohrtasche verstaut. So habe ich hoffentlich immer gen\u00fcgend Power f\u00fcr meine Elektronischen Ger\u00e4te und auch w\u00e4hrend der Fahrt stets verbunden.<br \/>\nIch habe mich f\u00fcr eine hydraulische Felgenbremse der Marke Magura HS33 entschieden. Die Gep\u00e4cktr\u00e4ger sind von Tubus.<\/p>\n<p>Ausr\u00fcstung Fahrrad<br \/>\nngg_shortcode_0_placeholder<\/p>\n<p>Gewicht ohne Proviant und Wasser:<\/p>\n<p>Fahrrad komplett mit Gep\u00e4cktr\u00e4ger, Fahrradschloss und Halterungen 20 Kg<br \/>\nHinterradtaschen je 5 Kg<br \/>\nGep\u00e4cktr\u00e4gertasche 10 Kg<br \/>\nLowrider Taschen je 2 Kg<br \/>\nLenkertasche 1 Kg<br \/>\nFahrrad komplett mit Ausr\u00fcstung 45 Kg<\/p>\n<p><a href=\"https:\/\/reisen.mibox.ch\/?attachment_id=1136\" rel=\"attachment wp-att-1136\"><img loading=\"lazy\" decoding=\"async\" src=\"https:\/\/reisen.mibox.ch\/wp-content\/uploads\/2014\/10\/DSC_2886.jpg\" class=\"alignleft size-full wp-image-1136\" height=\"678\" title=\"Schlumpf\" alt=\"\" width=\"1024\" srcset=\"https:\/\/reisen.mibox.ch\/wp-content\/uploads\/2014\/10\/DSC_2886.jpg 1024w, https:\/\/reisen.mibox.ch\/wp-content\/uploads\/2014\/10\/DSC_2886-300x198.jpg 300w\" sizes=\"auto, (max-width: 767px) 89vw, (max-width: 1000px) 54vw, (max-width: 1071px) 543px, 580px\" \/><\/a><br \/>\nMeine &#8222;K\u00fchlerfigur&#8220; der Schlumpf wird mir den Weg frei halten w\u00e4hrend meiner Reise.<\/p>\n<p>Meine Reise wurde mit <a href=\"http:\/\/www.naviki.org\/de\/naviki\/karten\/?tx_naviki_pi_routing_request%5Baction%5D=show&#038;tx_naviki_pi_routing_request%5Bcontroller%5D=RoutingRequest&#038;tx_naviki_pi_routing_request%5Bprofile%5D=daily&#038;tx_naviki_pi_routing_request%5Bdst%5D%5B0%5D=Wallisellen,%20Riedenerstr.%2016;;&#038;tx_naviki_pi_routing_request%5Bdst%5D%5B1%5D=Palau-saverdera;42.307947;3.147082#lat=44.921226627289855&#038;lon=5.768475000000031&#038;zoom=7\">Naviki <\/a>geplant. Ein Garmin Etrex 30 dient mir als Navigationshilfe. mit diesem wird auch die Fahrt aufgezeichnet. Streckenkilometer, H\u00f6he, Zeit und Temperatur habe ich mit meinem Radcomputer SIGMA BC14.12 immer im Blickfeld.<\/p>\n","protected":false},"excerpt":{"rendered":"<p>Am 07.10.2014 erf\u00fclle ich mir einen lang ersehnten Traum und starte meine Veloreise nach Palau-Saverdera zu meinem Bruder Tom. Ich werde etwas mehr als 1000 Km zur\u00fccklegen m\u00fcssen. Eingeplant sind ca. 10 Tage so dass ich vor dem Wochenende vom 17.10.2014 eintreffen werde. Die Vorbereitungen f\u00fcr die Fahradtour in den Norden von Spanien ist in &hellip; <\/p>\n<p class=\"link-more\"><a href=\"https:\/\/reisen.mibox.ch\/?p=1098\" class=\"more-link\"><span class=\"screen-reader-text\">\u201eVorbereitungen f\u00fcr die Radreise nach Spanien\u201c <\/span>weiterlesen<\/a><\/p>\n","protected":false},"author":2,"featured_media":1123,"comment_status":"closed","ping_status":"closed","sticky":false,"template":"","format":"gallery","meta":{"ngg_post_thumbnail":0,"_jetpack_memberships_contains_paid_content":false,"footnotes":""},"categories":[111],"tags":[113],"class_list":["post-1098","post","type-post","status-publish","format-gallery","has-post-thumbnail","hentry","category-radreise-spanien","tag-radreise","post_format-post-format-gallery"],"jetpack_featured_media_url":"https:\/\/reisen.mibox.ch\/wp-content\/uploads\/2014\/09\/IMG_1767.jpg","jetpack_sharing_enabled":true,"_links":{"self":[{"href":"https:\/\/reisen.mibox.ch\/index.php?rest_route=\/wp\/v2\/posts\/1098","targetHints":{"allow":["GET"]}}],"collection":[{"href":"https:\/\/reisen.mibox.ch\/index.php?rest_route=\/wp\/v2\/posts"}],"about":[{"href":"https:\/\/reisen.mibox.ch\/index.php?rest_route=\/wp\/v2\/types\/post"}],"author":[{"embeddable":true,"href":"https:\/\/reisen.mibox.ch\/index.php?rest_route=\/wp\/v2\/users\/2"}],"replies":[{"embeddable":true,"href":"https:\/\/reisen.mibox.ch\/index.php?rest_route=%2Fwp%2Fv2%2Fcomments&post=1098"}],"version-history":[{"count":51,"href":"https:\/\/reisen.mibox.ch\/index.php?rest_route=\/wp\/v2\/posts\/1098\/revisions"}],"predecessor-version":[{"id":3899,"href":"https:\/\/reisen.mibox.ch\/index.php?rest_route=\/wp\/v2\/posts\/1098\/revisions\/3899"}],"wp:featuredmedia":[{"embeddable":true,"href":"https:\/\/reisen.mibox.ch\/index.php?rest_route=\/wp\/v2\/media\/1123"}],"wp:attachment":[{"href":"https:\/\/reisen.mibox.ch\/index.php?rest_route=%2Fwp%2Fv2%2Fmedia&parent=1098"}],"wp:term":[{"taxonomy":"category","embeddable":true,"href":"https:\/\/reisen.mibox.ch\/index.php?rest_route=%2Fwp%2Fv2%2Fcategories&post=1098"},{"taxonomy":"post_tag","embeddable":true,"href":"https:\/\/reisen.mibox.ch\/index.php?rest_route=%2Fwp%2Fv2%2Ftags&post=1098"}],"curies":[{"name":"wp","href":"https:\/\/api.w.org\/{rel}","templated":true}]}}