{"id":1164,"date":"2014-10-04T17:09:01","date_gmt":"2014-10-04T17:09:01","guid":{"rendered":"https:\/\/reisen.mibox.ch\/?p=1164"},"modified":"2019-05-19T20:32:43","modified_gmt":"2019-05-19T20:32:43","slug":"2-etappe-solothurn","status":"publish","type":"post","link":"https:\/\/reisen.mibox.ch\/?p=1164","title":{"rendered":"2. Etappe -Solothurn &#8211; Lausanne 149 Km"},"content":{"rendered":"<p>Nach einer sehr regnerischen Nacht erwartet mich ein sonniger Morgen. Das Ehepaar im benachbarten Wohnwagen stammt ebenfalls aus Ebnat-Kappel.<br \/>\nMein Hilleberg ist innen wohl trocken geblieben, leider musste ich es aber in \u00e4usselich nassem Zustand einpacken.<\/p>\n<p><!--more--><\/p>\n<p>Das Wasser welches ich gestern in der N\u00e4he der Deponie K\u00f6lliken aufgef\u00fcllt habe konnte meiner Gesundheit nichts anhaben und ich f\u00fchle mich fit und munter f\u00fcr die heutige Etappe<\/p>\n<p><a href=\"https:\/\/reisen.mibox.ch\/?attachment_id=1227\" rel=\"attachment wp-att-1227\"><img loading=\"lazy\" decoding=\"async\" src=\"https:\/\/reisen.mibox.ch\/wp-content\/uploads\/2014\/10\/IMG_1783-1024x768.jpg\" class=\"alignleft size-large wp-image-1227\" width=\"640\" height=\"480\" title=\"IMG_1783.JPG\" alt=\"Roba im Amphitheater in Avaches\" srcset=\"https:\/\/reisen.mibox.ch\/wp-content\/uploads\/2014\/10\/IMG_1783-1024x768.jpg 1024w, https:\/\/reisen.mibox.ch\/wp-content\/uploads\/2014\/10\/IMG_1783-300x225.jpg 300w, https:\/\/reisen.mibox.ch\/wp-content\/uploads\/2014\/10\/IMG_1783.jpg 2048w\" sizes=\"auto, (max-width: 640px) 100vw, 640px\" \/><\/a><br \/>\nRoba im Amphitheater Avanches<\/p>\n<p>Nun, diese Etappe habe ich mir doch nicht so happig vorgestellt. Anfangs waren es nur eine gesperrte Br\u00fccke welche mir einen kleinen Umweg einbrockte.<\/p>\n<p><a href=\"https:\/\/reisen.mibox.ch\/wp-content\/uploads\/2014\/10\/IMG_1782.jpg\"><img decoding=\"async\" src=\"https:\/\/reisen.mibox.ch\/wp-content\/uploads\/2014\/10\/IMG_1782.jpg\" class=\"alignnone size-full\" alt=\"IMG_1782.JPG\"><\/a><\/p>\n<p>Am meisten machte mir aber das H\u00f6henprofil zu schaffen doch der Kopf liess es nicht zu die geplante Etappe fr\u00fchzeitig zu unterbrechen. So bin ich nun durchgefahren bis Lausanne.<\/p>\n<p><a href=\"https:\/\/reisen.mibox.ch\/?attachment_id=1287\" rel=\"attachment wp-att-1287\"><img loading=\"lazy\" decoding=\"async\" src=\"https:\/\/reisen.mibox.ch\/wp-content\/uploads\/2014\/10\/IMG_1799-1024x576.png\" class=\"alignleft size-large wp-image-1287\" width=\"640\" height=\"360\" title=\"IMG_1799.PNG\" alt=\"\" srcset=\"https:\/\/reisen.mibox.ch\/wp-content\/uploads\/2014\/10\/IMG_1799-1024x576.png 1024w, https:\/\/reisen.mibox.ch\/wp-content\/uploads\/2014\/10\/IMG_1799-300x169.png 300w, https:\/\/reisen.mibox.ch\/wp-content\/uploads\/2014\/10\/IMG_1799.png 1136w\" sizes=\"auto, (max-width: 640px) 100vw, 640px\" \/><\/a><br \/>\nNach dieser Route hatte ich riesigen Hunger und richtig Lust auf ein Fondue im Freien auf dem Notkocher. Dieses schmeckt doppelt so gut nach diesen Strapazen.<\/p>\n<p>An dieser Stelle m\u00f6chte ich mich bei allen die meinen Blog lesen herzlich danken. Ich freue mich immer wieder von Neuem \u00fcber die Unterst\u00fctzung und Komentare.<br \/>\n[wpmaps]<\/p>\n","protected":false},"excerpt":{"rendered":"<p>Nach einer sehr regnerischen Nacht erwartet mich ein sonniger Morgen. Das Ehepaar im benachbarten Wohnwagen stammt ebenfalls aus Ebnat-Kappel. Mein Hilleberg ist innen wohl trocken geblieben, leider musste ich es aber in \u00e4usselich nassem Zustand einpacken.<\/p>\n","protected":false},"author":2,"featured_media":0,"comment_status":"open","ping_status":"closed","sticky":false,"template":"","format":"gallery","meta":{"ngg_post_thumbnail":0,"_jetpack_memberships_contains_paid_content":false,"footnotes":""},"categories":[111],"tags":[113,137],"class_list":["post-1164","post","type-post","status-publish","format-gallery","hentry","category-radreise-spanien","tag-radreise","tag-schweiz","post_format-post-format-gallery"],"jetpack_featured_media_url":"","jetpack_sharing_enabled":true,"_links":{"self":[{"href":"https:\/\/reisen.mibox.ch\/index.php?rest_route=\/wp\/v2\/posts\/1164","targetHints":{"allow":["GET"]}}],"collection":[{"href":"https:\/\/reisen.mibox.ch\/index.php?rest_route=\/wp\/v2\/posts"}],"about":[{"href":"https:\/\/reisen.mibox.ch\/index.php?rest_route=\/wp\/v2\/types\/post"}],"author":[{"embeddable":true,"href":"https:\/\/reisen.mibox.ch\/index.php?rest_route=\/wp\/v2\/users\/2"}],"replies":[{"embeddable":true,"href":"https:\/\/reisen.mibox.ch\/index.php?rest_route=%2Fwp%2Fv2%2Fcomments&post=1164"}],"version-history":[{"count":32,"href":"https:\/\/reisen.mibox.ch\/index.php?rest_route=\/wp\/v2\/posts\/1164\/revisions"}],"predecessor-version":[{"id":3897,"href":"https:\/\/reisen.mibox.ch\/index.php?rest_route=\/wp\/v2\/posts\/1164\/revisions\/3897"}],"wp:attachment":[{"href":"https:\/\/reisen.mibox.ch\/index.php?rest_route=%2Fwp%2Fv2%2Fmedia&parent=1164"}],"wp:term":[{"taxonomy":"category","embeddable":true,"href":"https:\/\/reisen.mibox.ch\/index.php?rest_route=%2Fwp%2Fv2%2Fcategories&post=1164"},{"taxonomy":"post_tag","embeddable":true,"href":"https:\/\/reisen.mibox.ch\/index.php?rest_route=%2Fwp%2Fv2%2Ftags&post=1164"}],"curies":[{"name":"wp","href":"https:\/\/api.w.org\/{rel}","templated":true}]}}