{"id":1170,"date":"2014-10-09T07:00:07","date_gmt":"2014-10-09T07:00:07","guid":{"rendered":"https:\/\/reisen.mibox.ch\/?p=1170"},"modified":"2019-05-19T20:32:11","modified_gmt":"2019-05-19T20:32:11","slug":"3-etappe","status":"publish","type":"post","link":"https:\/\/reisen.mibox.ch\/?p=1170","title":{"rendered":"3. Etappe Lausanne &#8211;  St. Julien 96 Km"},"content":{"rendered":"<p>Guten Morgen. Heute dauerte es ewas l\u00e4nger bis ich startbereit war.<br \/>\nDas Zelt musste ich pflotschnass verstauen. Ich hoffe diese heute noch trocknen zu k\u00f6nnen. Bestimmt ein Kilo mehr Gewicht mit dem feuchten Material.<\/p>\n<p><!--more--><\/p>\n<p>Nun sitze ich aber bei srtahlendem Sonnenschein mit einem Kaffe und Gipfel am Genfersee. Nach dem Auftehen fahre ich jeweils einige Kilometer bevor ich das Fr\u00fchst\u00fcck einnehme. Das Mittagessen besteht aus M\u00fccken die mir w\u00e4hrend der Fahrt zwischen die Z\u00e4hne geraten und Datteln oder Powerriegel welche mir die m\u00f6tige Energie geben. Am Abend g\u00f6nne ich mir dann ein w\u00e4rschaftes Essen mit einem Glas Wein.<br \/>\n<a href=\"https:\/\/reisen.mibox.ch\/?attachment_id=1258\" rel=\"attachment wp-att-1258\"><img loading=\"lazy\" decoding=\"async\" src=\"https:\/\/reisen.mibox.ch\/wp-content\/uploads\/2014\/10\/DSC_4208-1024x678.jpg\" class=\"alignleft size-large wp-image-1258\" width=\"640\" height=\"423\" title=\"DSC_4208.JPG\" alt=\"\" srcset=\"https:\/\/reisen.mibox.ch\/wp-content\/uploads\/2014\/10\/DSC_4208-1024x678.jpg 1024w, https:\/\/reisen.mibox.ch\/wp-content\/uploads\/2014\/10\/DSC_4208-300x198.jpg 300w, https:\/\/reisen.mibox.ch\/wp-content\/uploads\/2014\/10\/DSC_4208.jpg 2047w\" sizes=\"auto, (max-width: 640px) 100vw, 640px\" \/><\/a><br \/>\nVon nun an weht die Schweizerflagge am Heck meines Rades.<br \/>\n<a href=\"https:\/\/reisen.mibox.ch\/?attachment_id=1254\" rel=\"attachment wp-att-1254\"><img loading=\"lazy\" decoding=\"async\" src=\"https:\/\/reisen.mibox.ch\/wp-content\/uploads\/2014\/10\/DSC_4211-1024x678.jpg\" class=\"alignleft size-large wp-image-1254\" width=\"640\" height=\"423\" title=\"DSC_4211.JPG\" alt=\"\" srcset=\"https:\/\/reisen.mibox.ch\/wp-content\/uploads\/2014\/10\/DSC_4211-1024x678.jpg 1024w, https:\/\/reisen.mibox.ch\/wp-content\/uploads\/2014\/10\/DSC_4211-300x198.jpg 300w, https:\/\/reisen.mibox.ch\/wp-content\/uploads\/2014\/10\/DSC_4211.jpg 2047w\" sizes=\"auto, (max-width: 640px) 100vw, 640px\" \/><\/a><\/p>\n<p>Da bei Km 96.9 Wind und Regen aufkamen und ich noch 100 H\u00f6henmeter bis zum Pass vor mir hatte, enschloss ich mich wild zu campieren.<br \/>\n<a href=\"https:\/\/reisen.mibox.ch\/?attachment_id=1299\" rel=\"attachment wp-att-1299\"><img loading=\"lazy\" decoding=\"async\" src=\"https:\/\/reisen.mibox.ch\/wp-content\/uploads\/2014\/10\/IMG_1807-1024x576.png\" class=\"alignleft size-large wp-image-1299\" width=\"640\" height=\"360\" title=\"IMG_1807.PNG\" alt=\"\" srcset=\"https:\/\/reisen.mibox.ch\/wp-content\/uploads\/2014\/10\/IMG_1807-1024x576.png 1024w, https:\/\/reisen.mibox.ch\/wp-content\/uploads\/2014\/10\/IMG_1807-300x169.png 300w, https:\/\/reisen.mibox.ch\/wp-content\/uploads\/2014\/10\/IMG_1807.png 1136w\" sizes=\"auto, (max-width: 640px) 100vw, 640px\" \/><\/a><br \/>\nDas Wasser reichte gerade noch um einen Beutel Outdoornahrung zuzubereiten und einen Kaffee zuzubereiten. Ich hoffe das Wetter bessert sich bis morgen. Der Wetterbericht hat aber leider weitere Gewitter angek\u00fcndigt.<br \/>\n<a href=\"https:\/\/reisen.mibox.ch\/?attachment_id=1277\" rel=\"attachment wp-att-1277\"><img loading=\"lazy\" decoding=\"async\" src=\"https:\/\/reisen.mibox.ch\/wp-content\/uploads\/2014\/10\/DSC_4212-0-1024x678.jpg\" class=\"alignleft size-large wp-image-1277\" width=\"640\" height=\"423\" title=\"DSC_4212-0.JPG\" alt=\"\" srcset=\"https:\/\/reisen.mibox.ch\/wp-content\/uploads\/2014\/10\/DSC_4212-0-1024x678.jpg 1024w, https:\/\/reisen.mibox.ch\/wp-content\/uploads\/2014\/10\/DSC_4212-0-300x198.jpg 300w, https:\/\/reisen.mibox.ch\/wp-content\/uploads\/2014\/10\/DSC_4212-0.jpg 2047w\" sizes=\"auto, (max-width: 640px) 100vw, 640px\" \/><\/a><br \/>\n<a href=\"https:\/\/reisen.mibox.ch\/?attachment_id=1297\" rel=\"attachment wp-att-1297\"><img loading=\"lazy\" decoding=\"async\" src=\"https:\/\/reisen.mibox.ch\/wp-content\/uploads\/2014\/10\/IMG_1809-1024x576.png\" class=\"alignleft size-large wp-image-1297\" width=\"640\" height=\"360\" title=\"IMG_1809.PNG\" alt=\"\" srcset=\"https:\/\/reisen.mibox.ch\/wp-content\/uploads\/2014\/10\/IMG_1809-1024x576.png 1024w, https:\/\/reisen.mibox.ch\/wp-content\/uploads\/2014\/10\/IMG_1809-300x169.png 300w, https:\/\/reisen.mibox.ch\/wp-content\/uploads\/2014\/10\/IMG_1809.png 1136w\" sizes=\"auto, (max-width: 640px) 100vw, 640px\" \/><\/a><\/p>\n","protected":false},"excerpt":{"rendered":"<p>Guten Morgen. Heute dauerte es ewas l\u00e4nger bis ich startbereit war. Das Zelt musste ich pflotschnass verstauen. Ich hoffe diese heute noch trocknen zu k\u00f6nnen. Bestimmt ein Kilo mehr Gewicht mit dem feuchten Material.<\/p>\n","protected":false},"author":2,"featured_media":0,"comment_status":"open","ping_status":"closed","sticky":false,"template":"","format":"gallery","meta":{"ngg_post_thumbnail":0,"_jetpack_memberships_contains_paid_content":false,"footnotes":""},"categories":[111],"tags":[113,137],"class_list":["post-1170","post","type-post","status-publish","format-gallery","hentry","category-radreise-spanien","tag-radreise","tag-schweiz","post_format-post-format-gallery"],"jetpack_featured_media_url":"","jetpack_sharing_enabled":true,"_links":{"self":[{"href":"https:\/\/reisen.mibox.ch\/index.php?rest_route=\/wp\/v2\/posts\/1170","targetHints":{"allow":["GET"]}}],"collection":[{"href":"https:\/\/reisen.mibox.ch\/index.php?rest_route=\/wp\/v2\/posts"}],"about":[{"href":"https:\/\/reisen.mibox.ch\/index.php?rest_route=\/wp\/v2\/types\/post"}],"author":[{"embeddable":true,"href":"https:\/\/reisen.mibox.ch\/index.php?rest_route=\/wp\/v2\/users\/2"}],"replies":[{"embeddable":true,"href":"https:\/\/reisen.mibox.ch\/index.php?rest_route=%2Fwp%2Fv2%2Fcomments&post=1170"}],"version-history":[{"count":28,"href":"https:\/\/reisen.mibox.ch\/index.php?rest_route=\/wp\/v2\/posts\/1170\/revisions"}],"predecessor-version":[{"id":3896,"href":"https:\/\/reisen.mibox.ch\/index.php?rest_route=\/wp\/v2\/posts\/1170\/revisions\/3896"}],"wp:attachment":[{"href":"https:\/\/reisen.mibox.ch\/index.php?rest_route=%2Fwp%2Fv2%2Fmedia&parent=1170"}],"wp:term":[{"taxonomy":"category","embeddable":true,"href":"https:\/\/reisen.mibox.ch\/index.php?rest_route=%2Fwp%2Fv2%2Fcategories&post=1170"},{"taxonomy":"post_tag","embeddable":true,"href":"https:\/\/reisen.mibox.ch\/index.php?rest_route=%2Fwp%2Fv2%2Ftags&post=1170"}],"curies":[{"name":"wp","href":"https:\/\/api.w.org\/{rel}","templated":true}]}}