{"id":4235,"date":"2017-07-30T20:00:33","date_gmt":"2017-07-30T20:00:33","guid":{"rendered":"https:\/\/reisen.mibox.ch\/?p=4235"},"modified":"2018-10-10T16:07:15","modified_gmt":"2018-10-10T16:07:15","slug":"drei-zinnen","status":"publish","type":"post","link":"https:\/\/reisen.mibox.ch\/?p=4235","title":{"rendered":"Drei Zinnen"},"content":{"rendered":"<p>Mit meiner j\u00fcngsten Tochter verbringe ich eine gemeinsame Ferienwoche auf dem Balkan. Wir sind unterwegs mit Auto, Zelt und Campingmaterial. Einfach der Nase nach nach S\u00fcdosten. Obwohl wir erst nach Mittag losgefahren sind kommen wir gut voran bis in die Dolomiten. Kurz vor 19:00 Uhr finden wir einen wundersch\u00f6nen Campingplatz am Koblachsee. Die Entt\u00e4uschung ist gross als wir erfahren, dass nicht mal mehr Platz f\u00fcr ein kleines Zelt vorhanden ist. Auch beim n\u00e4chsten Zeltplatz einige Kilometer weiter will man uns nicht. Alles belegt. Kurz vor der Grenze dann ein Stellplatz jedoch nur f\u00fcr Camper. Wir sehen uns schon beim Wildcampem als wir endlich gegen 21 Uhr auf \u00f6stereichischem Boden einen kleines Flecklein Boden f\u00fcr unser Zelt bekommen. Es sei Hochsaison und ohne Voranmeldung schwierig Platz zu finden gibt uns der Platzwart zu verstehen . Zum Gl\u00fcck sind heute ein paar G\u00e4ste abgereist.<br \/>\nDas Zelt ist schnell aufgebaut und Anmelden d\u00fcrfen wir ns morgen. So k\u00f6nnen wir endlich unseren Hunger in einem ausgezeichneten Gasthof stillen. Das Gewitter das sich \u00fcber unser Zelt sich entl\u00e4dt hintert uns keines wegs gut einzuschlafen.<\/p>\n<p><a href=\"https:\/\/reisen.mibox.ch\/wp-content\/uploads\/2017\/07\/img_8581.jpg\"><img loading=\"lazy\" decoding=\"async\" class=\"alignnone\" src=\"https:\/\/reisen.mibox.ch\/wp-content\/uploads\/2017\/07\/img_8581.jpg\" alt=\"\" width=\"1003\" height=\"750\"><\/a><\/p>\n","protected":false},"excerpt":{"rendered":"<p>Mit meiner j\u00fcngsten Tochter verbringe ich eine gemeinsame Ferienwoche auf dem Balkan. Wir sind unterwegs mit Auto, Zelt und Campingmaterial. Einfach der Nase nach nach S\u00fcdosten. Obwohl wir erst nach Mittag losgefahren sind kommen wir gut voran bis in die Dolomiten. Kurz vor 19:00 Uhr finden wir einen wundersch\u00f6nen Campingplatz am Koblachsee. Die Entt\u00e4uschung ist &hellip; <\/p>\n<p class=\"link-more\"><a href=\"https:\/\/reisen.mibox.ch\/?p=4235\" class=\"more-link\"><span class=\"screen-reader-text\">\u201eDrei Zinnen\u201c <\/span>weiterlesen<\/a><\/p>\n","protected":false},"author":2,"featured_media":0,"comment_status":"closed","ping_status":"closed","sticky":false,"template":"","format":"gallery","meta":{"ngg_post_thumbnail":0,"_jetpack_memberships_contains_paid_content":false,"footnotes":""},"categories":[47],"tags":[151,147],"class_list":["post-4235","post","type-post","status-publish","format-gallery","hentry","category-diverse-reisen","tag-camping","tag-italien","post_format-post-format-gallery"],"jetpack_featured_media_url":"","jetpack_sharing_enabled":true,"_links":{"self":[{"href":"https:\/\/reisen.mibox.ch\/index.php?rest_route=\/wp\/v2\/posts\/4235","targetHints":{"allow":["GET"]}}],"collection":[{"href":"https:\/\/reisen.mibox.ch\/index.php?rest_route=\/wp\/v2\/posts"}],"about":[{"href":"https:\/\/reisen.mibox.ch\/index.php?rest_route=\/wp\/v2\/types\/post"}],"author":[{"embeddable":true,"href":"https:\/\/reisen.mibox.ch\/index.php?rest_route=\/wp\/v2\/users\/2"}],"replies":[{"embeddable":true,"href":"https:\/\/reisen.mibox.ch\/index.php?rest_route=%2Fwp%2Fv2%2Fcomments&post=4235"}],"version-history":[{"count":1,"href":"https:\/\/reisen.mibox.ch\/index.php?rest_route=\/wp\/v2\/posts\/4235\/revisions"}],"predecessor-version":[{"id":4236,"href":"https:\/\/reisen.mibox.ch\/index.php?rest_route=\/wp\/v2\/posts\/4235\/revisions\/4236"}],"wp:attachment":[{"href":"https:\/\/reisen.mibox.ch\/index.php?rest_route=%2Fwp%2Fv2%2Fmedia&parent=4235"}],"wp:term":[{"taxonomy":"category","embeddable":true,"href":"https:\/\/reisen.mibox.ch\/index.php?rest_route=%2Fwp%2Fv2%2Fcategories&post=4235"},{"taxonomy":"post_tag","embeddable":true,"href":"https:\/\/reisen.mibox.ch\/index.php?rest_route=%2Fwp%2Fv2%2Ftags&post=4235"}],"curies":[{"name":"wp","href":"https:\/\/api.w.org\/{rel}","templated":true}]}}