{"id":5178,"date":"2019-09-12T19:45:09","date_gmt":"2019-09-12T19:45:09","guid":{"rendered":"https:\/\/reisen.mibox.ch\/?p=5178"},"modified":"2023-11-12T18:00:47","modified_gmt":"2023-11-12T18:00:47","slug":"col-du-pillon","status":"publish","type":"post","link":"https:\/\/reisen.mibox.ch\/?p=5178","title":{"rendered":"Col du Pillon"},"content":{"rendered":"\n<p>Der erste Gang ist auch heute wieder der meist benutzte. Wir kennen bereits den Abschnitt zwischen Zweisimmen und Gstaad und kennen die giftigen Steilpassagen. Nach einem kurzen Mittagsrast im mond\u00e4nen Gstaad schlagen wir den Weg  Richtung Steig ein wo unser zweiter Pass auf und wartet.<\/p>\n\n\n\n<!--more-->\n\n\n\n<p>Hier muss wieder einmal erw\u00e4hnt sein, dass wir bewusst die Langsamkeit bevorzugen, halt machen wo es uns beliebt und nie wissen wo wir \u00fcbernachten werden. Daf\u00fcr h\u00f6ren wir den Bach rauschen, riechen das frisch geschnittene Gras oder den Duft der L\u00e4rchen, kommen in Kontakt mit anderen Radfahrern und von denen hat es nicht wenige auf der Strecke \u00fcber den Pass. Ansonsten ist der Verkehr sehr ertr\u00e4glich. <\/p>\n\n\n\n<figure class=\"wp-block-image\"><img loading=\"lazy\" decoding=\"async\" width=\"2048\" height=\"1368\" src=\"https:\/\/reisen.mibox.ch\/wp-content\/uploads\/2019\/09\/43353776_unknown.jpg\" alt=\"\" class=\"wp-image-5177\" srcset=\"https:\/\/reisen.mibox.ch\/wp-content\/uploads\/2019\/09\/43353776_unknown.jpg 2048w, https:\/\/reisen.mibox.ch\/wp-content\/uploads\/2019\/09\/43353776_unknown-300x200.jpg 300w, https:\/\/reisen.mibox.ch\/wp-content\/uploads\/2019\/09\/43353776_unknown-768x513.jpg 768w, https:\/\/reisen.mibox.ch\/wp-content\/uploads\/2019\/09\/43353776_unknown-1024x684.jpg 1024w\" sizes=\"auto, (max-width: 767px) 89vw, (max-width: 1000px) 54vw, (max-width: 1071px) 543px, 580px\" \/><\/figure>\n\n\n\n<p>In rasanter Fahrt geht es hinunter nach Diablerets wo wir uns mit Lebensmitteln f\u00fcr das Nachtessen eindecken. Der Camping auf dem wir logieren bietet n\u00e4mlich nicht Mal die M\u00f6glichkeit eines Ankunftsbierchens. Die Reception ist geschlossen und wir m\u00fcssen uns selbst registrieren. Das Tomatenrisotto nach einem anstrengenden Radlertag schmeckt vorz\u00fcglich.<\/p>\n\n\n\n<figure class=\"wp-block-image\"><img loading=\"lazy\" decoding=\"async\" width=\"2048\" height=\"1368\" src=\"https:\/\/reisen.mibox.ch\/wp-content\/uploads\/2019\/09\/43353808_unknown.jpg\" alt=\"\" class=\"wp-image-5176\" srcset=\"https:\/\/reisen.mibox.ch\/wp-content\/uploads\/2019\/09\/43353808_unknown.jpg 2048w, https:\/\/reisen.mibox.ch\/wp-content\/uploads\/2019\/09\/43353808_unknown-300x200.jpg 300w, https:\/\/reisen.mibox.ch\/wp-content\/uploads\/2019\/09\/43353808_unknown-768x513.jpg 768w, https:\/\/reisen.mibox.ch\/wp-content\/uploads\/2019\/09\/43353808_unknown-1024x684.jpg 1024w\" sizes=\"auto, (max-width: 767px) 89vw, (max-width: 1000px) 54vw, (max-width: 1071px) 543px, 580px\" \/><\/figure>\n","protected":false},"excerpt":{"rendered":"<p>Der erste Gang ist auch heute wieder der meist benutzte. Wir kennen bereits den Abschnitt zwischen Zweisimmen und Gstaad und kennen die giftigen Steilpassagen. Nach einem kurzen Mittagsrast im mond\u00e4nen Gstaad schlagen wir den Weg Richtung Steig ein wo unser zweiter Pass auf und wartet.<\/p>\n","protected":false},"author":2,"featured_media":5180,"comment_status":"open","ping_status":"closed","sticky":false,"template":"","format":"gallery","meta":{"ngg_post_thumbnail":0,"_jetpack_memberships_contains_paid_content":false,"footnotes":""},"categories":[111],"tags":[185,113,137],"class_list":["post-5178","post","type-post","status-publish","format-gallery","has-post-thumbnail","hentry","category-radreise-spanien","tag-herbst","tag-radreise","tag-schweiz","post_format-post-format-gallery"],"jetpack_featured_media_url":"https:\/\/reisen.mibox.ch\/wp-content\/uploads\/2019\/09\/img_4440-1.jpg","jetpack_sharing_enabled":true,"_links":{"self":[{"href":"https:\/\/reisen.mibox.ch\/index.php?rest_route=\/wp\/v2\/posts\/5178","targetHints":{"allow":["GET"]}}],"collection":[{"href":"https:\/\/reisen.mibox.ch\/index.php?rest_route=\/wp\/v2\/posts"}],"about":[{"href":"https:\/\/reisen.mibox.ch\/index.php?rest_route=\/wp\/v2\/types\/post"}],"author":[{"embeddable":true,"href":"https:\/\/reisen.mibox.ch\/index.php?rest_route=\/wp\/v2\/users\/2"}],"replies":[{"embeddable":true,"href":"https:\/\/reisen.mibox.ch\/index.php?rest_route=%2Fwp%2Fv2%2Fcomments&post=5178"}],"version-history":[{"count":4,"href":"https:\/\/reisen.mibox.ch\/index.php?rest_route=\/wp\/v2\/posts\/5178\/revisions"}],"predecessor-version":[{"id":7428,"href":"https:\/\/reisen.mibox.ch\/index.php?rest_route=\/wp\/v2\/posts\/5178\/revisions\/7428"}],"wp:featuredmedia":[{"embeddable":true,"href":"https:\/\/reisen.mibox.ch\/index.php?rest_route=\/wp\/v2\/media\/5180"}],"wp:attachment":[{"href":"https:\/\/reisen.mibox.ch\/index.php?rest_route=%2Fwp%2Fv2%2Fmedia&parent=5178"}],"wp:term":[{"taxonomy":"category","embeddable":true,"href":"https:\/\/reisen.mibox.ch\/index.php?rest_route=%2Fwp%2Fv2%2Fcategories&post=5178"},{"taxonomy":"post_tag","embeddable":true,"href":"https:\/\/reisen.mibox.ch\/index.php?rest_route=%2Fwp%2Fv2%2Ftags&post=5178"}],"curies":[{"name":"wp","href":"https:\/\/api.w.org\/{rel}","templated":true}]}}