{"id":5615,"date":"2020-06-30T19:22:32","date_gmt":"2020-06-30T19:22:32","guid":{"rendered":"https:\/\/reisen.mibox.ch\/?p=5615"},"modified":"2023-11-12T17:45:28","modified_gmt":"2023-11-12T17:45:28","slug":"auf-der-inntal-autobahn-fuer-fahrraeder","status":"publish","type":"post","link":"https:\/\/reisen.mibox.ch\/?p=5615","title":{"rendered":"Auf der Inntal Autobahn R3 f\u00fcr Fahrr\u00e4der"},"content":{"rendered":"\n<p>Im Gegensatz zu gestern verl\u00e4uft die heutige Route mehrheitlich auf asphaltierten Wegen im Talgrund. Der Radweg R3 ist sozusagen die Inntal Autobahn f\u00fcr Radfahrer. Dementsprechend ist der Verkehr. Haupts\u00e4chlich Senioren mit Rennr\u00e4dern oder E-Bikes begegnen uns. Da passen wir ja wunderbar ins Bild. <\/p>\n\n\n\n<!--more-->\n\n\n\n<p>Von Innsbruck sind wir etwas entt\u00e4uscht. Die ganze Innenstadt ist voll von Baustellen. Nicht einmal schiebend mit dem Fahrrad kommen wir durch. Der Werkverkehr ist immens. So entschliessen wir nach einer kurzen Pause und Einkauf in der Markthalle z\u00fcgig weiter zu fahren. Der Abend ist umso sch\u00f6ner beim Camping am Reintalersee. Die zus\u00e4tzlichen 150 H\u00f6henmeter nehmen wir gerne in kauf um im sch\u00f6nen See ein erfrischendes Bad zu nehmen. Einen luxuri\u00f6seren Campingplatz hatten wir noch nie. F\u00fcr Radreisende fast etwas \u00fcberdimensioniert aber was solls.<\/p>\n\n\n\nngg_shortcode_0_placeholder\n","protected":false},"excerpt":{"rendered":"<p>Im Gegensatz zu gestern verl\u00e4uft die heutige Route mehrheitlich auf asphaltierten Wegen im Talgrund. Der Radweg R3 ist sozusagen die Inntal Autobahn f\u00fcr Radfahrer. Dementsprechend ist der Verkehr. Haupts\u00e4chlich Senioren mit Rennr\u00e4dern oder E-Bikes begegnen uns. Da passen wir ja wunderbar ins Bild.<\/p>\n","protected":false},"author":2,"featured_media":5674,"comment_status":"open","ping_status":"closed","sticky":false,"template":"","format":"gallery","meta":{"ngg_post_thumbnail":0,"_jetpack_memberships_contains_paid_content":false,"footnotes":""},"categories":[111],"tags":[197,144,198],"class_list":["post-5615","post","type-post","status-publish","format-gallery","has-post-thumbnail","hentry","category-radreise-spanien","tag-innradweg","tag-oesterreich","tag-tirol","post_format-post-format-gallery"],"jetpack_featured_media_url":"https:\/\/reisen.mibox.ch\/wp-content\/uploads\/2020\/07\/img_6693.jpg","jetpack_sharing_enabled":true,"_links":{"self":[{"href":"https:\/\/reisen.mibox.ch\/index.php?rest_route=\/wp\/v2\/posts\/5615","targetHints":{"allow":["GET"]}}],"collection":[{"href":"https:\/\/reisen.mibox.ch\/index.php?rest_route=\/wp\/v2\/posts"}],"about":[{"href":"https:\/\/reisen.mibox.ch\/index.php?rest_route=\/wp\/v2\/types\/post"}],"author":[{"embeddable":true,"href":"https:\/\/reisen.mibox.ch\/index.php?rest_route=\/wp\/v2\/users\/2"}],"replies":[{"embeddable":true,"href":"https:\/\/reisen.mibox.ch\/index.php?rest_route=%2Fwp%2Fv2%2Fcomments&post=5615"}],"version-history":[{"count":8,"href":"https:\/\/reisen.mibox.ch\/index.php?rest_route=\/wp\/v2\/posts\/5615\/revisions"}],"predecessor-version":[{"id":7415,"href":"https:\/\/reisen.mibox.ch\/index.php?rest_route=\/wp\/v2\/posts\/5615\/revisions\/7415"}],"wp:featuredmedia":[{"embeddable":true,"href":"https:\/\/reisen.mibox.ch\/index.php?rest_route=\/wp\/v2\/media\/5674"}],"wp:attachment":[{"href":"https:\/\/reisen.mibox.ch\/index.php?rest_route=%2Fwp%2Fv2%2Fmedia&parent=5615"}],"wp:term":[{"taxonomy":"category","embeddable":true,"href":"https:\/\/reisen.mibox.ch\/index.php?rest_route=%2Fwp%2Fv2%2Fcategories&post=5615"},{"taxonomy":"post_tag","embeddable":true,"href":"https:\/\/reisen.mibox.ch\/index.php?rest_route=%2Fwp%2Fv2%2Ftags&post=5615"}],"curies":[{"name":"wp","href":"https:\/\/api.w.org\/{rel}","templated":true}]}}