{"id":5625,"date":"2020-07-03T20:48:31","date_gmt":"2020-07-03T20:48:31","guid":{"rendered":"https:\/\/reisen.mibox.ch\/?p=5625"},"modified":"2023-11-12T17:43:00","modified_gmt":"2023-11-12T17:43:00","slug":"die-qual-der-wahl","status":"publish","type":"post","link":"https:\/\/reisen.mibox.ch\/?p=5625","title":{"rendered":"Die Qual der Wahl"},"content":{"rendered":"\n<p>Niederbayern oder Ober\u00f6sterreich? Links oder rechts des Inn? Maskentragpflicht oder Freiheit? In Burghausen entscheiden wir uns f\u00fcr die \u00d6sterreichische Seite des Innradweges. Doch zuerst geht es zwei Kilometer bis Marktl zum Geburtsort von Papst Benedikt XVI.<\/p>\n\n\n\n<!--more-->\n\n\n\n<p>Nach einem Kaffee und Geb\u00e4ck, immer mit obligatorischer Registrierung und Maskenpflicht im Restaurant, fahren wir weiter. Es geht weiter auf und ab dem Ufer des Inn entlang. <\/p>\n\n\n\n<p>Burghausen ist einen Abstecher Wert denn die Burg ist mit dem. Fahrrad gut erreichbar und zur Zeit wenig besucht. Die Erd\u00f6lraffinerie OMV von Burghausen haben wir gestern schon vom Zeltplatz aus gesehen. Vor allem das Abfackeln von Gas. Nach einem happigem Aufstieg auf der \u00f6sterreichischen Seite brauchen wir ein Leberk\u00e4ssemmel zur St\u00e4rkung f\u00fcr die Weiterfahrt. Eigentlich ist das Radlerleben ganz simpel. Wenn wir Hunger haben essen wir etwas, wenn wir Durst haben trinken wir und wenn es etwas sehenswertes auf der Strecke hat halten wir an. Zwischendurch sind wir \u00fcber Kilometer ganz alleine aber wir treffen zwischendurch auch auf andere Reisende welche uns Tipps geben. So ist schnell klar, dass wir heute bis Sch\u00e4rding durchfahren um die Barocke Altstadt noch zu geniessen. Zum Abschluss unseres letzten Reisetages g\u00f6nnen wir uns ein Hotel. Gegen Aufpreis mit Balkon, so k\u00f6nnen wir das Zelt wenigstens noch zum Trocknen aufh\u00e4ngen bevor es morgen nach Passau und mit dem Zug nach Hause geht.<\/p>\n","protected":false},"excerpt":{"rendered":"<p>Niederbayern oder Ober\u00f6sterreich? Links oder rechts des Inn? Maskentragpflicht oder Freiheit? In Burghausen entscheiden wir uns f\u00fcr die \u00d6sterreichische Seite des Innradweges. Doch zuerst geht es zwei Kilometer bis Marktl zum Geburtsort von Papst Benedikt XVI.<\/p>\n","protected":false},"author":2,"featured_media":5635,"comment_status":"open","ping_status":"closed","sticky":false,"template":"","format":"gallery","meta":{"ngg_post_thumbnail":0,"_jetpack_memberships_contains_paid_content":false,"footnotes":""},"categories":[111],"tags":[197,144],"class_list":["post-5625","post","type-post","status-publish","format-gallery","has-post-thumbnail","hentry","category-radreise-spanien","tag-innradweg","tag-oesterreich","post_format-post-format-gallery"],"jetpack_featured_media_url":"https:\/\/reisen.mibox.ch\/wp-content\/uploads\/2020\/07\/44148048_unknown-1.jpg","jetpack_sharing_enabled":true,"_links":{"self":[{"href":"https:\/\/reisen.mibox.ch\/index.php?rest_route=\/wp\/v2\/posts\/5625","targetHints":{"allow":["GET"]}}],"collection":[{"href":"https:\/\/reisen.mibox.ch\/index.php?rest_route=\/wp\/v2\/posts"}],"about":[{"href":"https:\/\/reisen.mibox.ch\/index.php?rest_route=\/wp\/v2\/types\/post"}],"author":[{"embeddable":true,"href":"https:\/\/reisen.mibox.ch\/index.php?rest_route=\/wp\/v2\/users\/2"}],"replies":[{"embeddable":true,"href":"https:\/\/reisen.mibox.ch\/index.php?rest_route=%2Fwp%2Fv2%2Fcomments&post=5625"}],"version-history":[{"count":3,"href":"https:\/\/reisen.mibox.ch\/index.php?rest_route=\/wp\/v2\/posts\/5625\/revisions"}],"predecessor-version":[{"id":7412,"href":"https:\/\/reisen.mibox.ch\/index.php?rest_route=\/wp\/v2\/posts\/5625\/revisions\/7412"}],"wp:featuredmedia":[{"embeddable":true,"href":"https:\/\/reisen.mibox.ch\/index.php?rest_route=\/wp\/v2\/media\/5635"}],"wp:attachment":[{"href":"https:\/\/reisen.mibox.ch\/index.php?rest_route=%2Fwp%2Fv2%2Fmedia&parent=5625"}],"wp:term":[{"taxonomy":"category","embeddable":true,"href":"https:\/\/reisen.mibox.ch\/index.php?rest_route=%2Fwp%2Fv2%2Fcategories&post=5625"},{"taxonomy":"post_tag","embeddable":true,"href":"https:\/\/reisen.mibox.ch\/index.php?rest_route=%2Fwp%2Fv2%2Ftags&post=5625"}],"curies":[{"name":"wp","href":"https:\/\/api.w.org\/{rel}","templated":true}]}}