{"id":5628,"date":"2020-07-04T16:27:56","date_gmt":"2020-07-04T16:27:56","guid":{"rendered":"https:\/\/reisen.mibox.ch\/?p=5628"},"modified":"2023-11-12T17:42:12","modified_gmt":"2023-11-12T17:42:12","slug":"das-ende-des-innradweges","status":"publish","type":"post","link":"https:\/\/reisen.mibox.ch\/?p=5628","title":{"rendered":"Das Ende des Innradweges"},"content":{"rendered":"\n<p>Sch\u00e4rding lohnt sich definitiv f\u00fcr einen l\u00e4ngeren Aufenthalt. So gibt es nach einem feinen Nachtessen im Hotel direkt am Inn noch einen Stadtbummel durch das barocke St\u00e4dchen. Heute am letzten Tag unserer Radreise dem Inn entlang schlafen wir aus und starten erst gegen neun. Es sind schliesslich nur noch 15 Kilometer bis nach Passau wo der Inn in die Donau m\u00fcndet.<\/p>\n\n\n\n<!--more-->\n\n\n\n<figure class=\"wp-block-image size-large\"><img loading=\"lazy\" decoding=\"async\" width=\"2048\" height=\"1368\" src=\"https:\/\/reisen.mibox.ch\/wp-content\/uploads\/2020\/07\/44148368_unknown.jpg\" alt=\"\" class=\"wp-image-5631\" srcset=\"https:\/\/reisen.mibox.ch\/wp-content\/uploads\/2020\/07\/44148368_unknown.jpg 2048w, https:\/\/reisen.mibox.ch\/wp-content\/uploads\/2020\/07\/44148368_unknown-300x200.jpg 300w, https:\/\/reisen.mibox.ch\/wp-content\/uploads\/2020\/07\/44148368_unknown-1024x684.jpg 1024w, https:\/\/reisen.mibox.ch\/wp-content\/uploads\/2020\/07\/44148368_unknown-768x513.jpg 768w, https:\/\/reisen.mibox.ch\/wp-content\/uploads\/2020\/07\/44148368_unknown-1536x1026.jpg 1536w\" sizes=\"auto, (max-width: 767px) 89vw, (max-width: 1000px) 54vw, (max-width: 1071px) 543px, 580px\" \/><figcaption class=\"wp-element-caption\">Am Ziel <\/figcaption><\/figure>\n\n\n\n<p>Wir geniessen f\u00f6rmlich die letzten Kilometer auf unserer Strecke welche zum Schluss mehrheitlich dem Wasser entlang f\u00fchrt. Bevor wir zum Zusammenfluss der beiden Str\u00f6me radeln besorgen wir uns am Bahnhof von Passau ein R\u00fcckreiseticket. Allerdings ist das gar nicht so einfach eine Verbindung zu finden welche Fahrr\u00e4der mitnimmt und noch freie Pl\u00e4tze hat. Nach 30 Minuten unter Mithilfe von mehreren Angestellten der Deutschen Bahn habe ich die Tickets von Passau \u00fcber M\u00fcnchen, Stuttgart und Singen nach Z\u00fcrich in der Hand. Es bleibt uns noch gen\u00fcgend Zeit f\u00fcr ein Foto am Zielort und ein deftiges Essen mit Bier wie es sich geh\u00f6rt. Alles in allem eine sehr lohnenswerte und sch\u00f6ne Radtour dem Inn entlang.<\/p>\n\n\n\n<p>Kaum wieder in der Schweiz bricht die Nacht herein und der Vollmond geht \u00fcber dem Horizont auf. Der Zug h\u00e4lt extra vor dem Rheinfall und \u00fcber die Lautsprecher wird auf das Spektakel hingewiesen. Eine nette Geste der SBB.<\/p>\n\n\n\n<p><\/p>\n\n\n\nngg_shortcode_0_placeholder\n","protected":false},"excerpt":{"rendered":"<p>Sch\u00e4rding lohnt sich definitiv f\u00fcr einen l\u00e4ngeren Aufenthalt. So gibt es nach einem feinen Nachtessen im Hotel direkt am Inn noch einen Stadtbummel durch das barocke St\u00e4dchen. Heute am letzten Tag unserer Radreise dem Inn entlang schlafen wir aus und starten erst gegen neun. Es sind schliesslich nur noch 15 Kilometer bis nach Passau wo &hellip; <\/p>\n<p class=\"link-more\"><a href=\"https:\/\/reisen.mibox.ch\/?p=5628\" class=\"more-link\"><span class=\"screen-reader-text\">\u201eDas Ende des Innradweges\u201c <\/span>weiterlesen<\/a><\/p>\n","protected":false},"author":2,"featured_media":5633,"comment_status":"open","ping_status":"closed","sticky":false,"template":"","format":"gallery","meta":{"ngg_post_thumbnail":0,"_jetpack_memberships_contains_paid_content":false,"footnotes":""},"categories":[111],"tags":[145,197,144],"class_list":["post-5628","post","type-post","status-publish","format-gallery","has-post-thumbnail","hentry","category-radreise-spanien","tag-deutschland","tag-innradweg","tag-oesterreich","post_format-post-format-gallery"],"jetpack_featured_media_url":"https:\/\/reisen.mibox.ch\/wp-content\/uploads\/2020\/07\/44148272_unknown-1.jpg","jetpack_sharing_enabled":true,"_links":{"self":[{"href":"https:\/\/reisen.mibox.ch\/index.php?rest_route=\/wp\/v2\/posts\/5628","targetHints":{"allow":["GET"]}}],"collection":[{"href":"https:\/\/reisen.mibox.ch\/index.php?rest_route=\/wp\/v2\/posts"}],"about":[{"href":"https:\/\/reisen.mibox.ch\/index.php?rest_route=\/wp\/v2\/types\/post"}],"author":[{"embeddable":true,"href":"https:\/\/reisen.mibox.ch\/index.php?rest_route=\/wp\/v2\/users\/2"}],"replies":[{"embeddable":true,"href":"https:\/\/reisen.mibox.ch\/index.php?rest_route=%2Fwp%2Fv2%2Fcomments&post=5628"}],"version-history":[{"count":8,"href":"https:\/\/reisen.mibox.ch\/index.php?rest_route=\/wp\/v2\/posts\/5628\/revisions"}],"predecessor-version":[{"id":7411,"href":"https:\/\/reisen.mibox.ch\/index.php?rest_route=\/wp\/v2\/posts\/5628\/revisions\/7411"}],"wp:featuredmedia":[{"embeddable":true,"href":"https:\/\/reisen.mibox.ch\/index.php?rest_route=\/wp\/v2\/media\/5633"}],"wp:attachment":[{"href":"https:\/\/reisen.mibox.ch\/index.php?rest_route=%2Fwp%2Fv2%2Fmedia&parent=5628"}],"wp:term":[{"taxonomy":"category","embeddable":true,"href":"https:\/\/reisen.mibox.ch\/index.php?rest_route=%2Fwp%2Fv2%2Fcategories&post=5628"},{"taxonomy":"post_tag","embeddable":true,"href":"https:\/\/reisen.mibox.ch\/index.php?rest_route=%2Fwp%2Fv2%2Ftags&post=5628"}],"curies":[{"name":"wp","href":"https:\/\/api.w.org\/{rel}","templated":true}]}}